{"id":19973,"date":"2026-05-03T08:00:43","date_gmt":"2026-05-03T06:00:43","guid":{"rendered":"https:\/\/sunelements.de\/?p=19973"},"modified":"2026-04-29T10:38:34","modified_gmt":"2026-04-29T08:38:34","slug":"pv-zaun-als-doppel-nutzen-sichtschutz-stromerzeugung-in-einem-system","status":"publish","type":"post","link":"https:\/\/sunelements.de\/en\/2026\/05\/03\/pv-zaun-als-doppel-nutzen-sichtschutz-stromerzeugung-in-einem-system\/","title":{"rendered":"PV-Zaun als Doppel-Nutzen: Sichtschutz + Stromerzeugung in einem System"},"content":{"rendered":"\t\t<div data-elementor-type=\"wp-post\" data-elementor-id=\"19973\" class=\"elementor elementor-19973\" data-elementor-post-type=\"post\">\n\t\t\t\t\t\t<section class=\"elementor-section elementor-top-section elementor-element elementor-element-53e938a0 elementor-section-boxed elementor-section-height-default elementor-section-height-default\" data-id=\"53e938a0\" data-element_type=\"section\" data-e-type=\"section\">\n\t\t\t\t\t\t<div class=\"elementor-container elementor-column-gap-default\">\n\t\t\t\t\t<div class=\"elementor-column elementor-col-100 elementor-top-column elementor-element elementor-element-4faa0e24\" data-id=\"4faa0e24\" data-element_type=\"column\" data-e-type=\"column\">\n\t\t\t<div class=\"elementor-widget-wrap elementor-element-populated\">\n\t\t\t\t\t\t<div class=\"elementor-element elementor-element-e1cc0cf elementor-widget elementor-widget-theme-post-featured-image elementor-widget-image\" data-id=\"e1cc0cf\" data-element_type=\"widget\" data-e-type=\"widget\" data-widget_type=\"theme-post-featured-image.default\">\n\t\t\t\t<div class=\"elementor-widget-container\">\n\t\t\t\t\t\t\t\t\t\t\t\t\t\t\t<img fetchpriority=\"high\" decoding=\"async\" width=\"900\" height=\"600\" src=\"https:\/\/sunelements.de\/wp-content\/uploads\/2026\/05\/Blog-PV-Zaun-Sichtschutz-und-Stromerzeugung-in-einem-System_SunElements.jpg\" class=\"attachment-large size-large wp-image-20006\" alt=\"PV-Zaun Sichtschutz &amp; Stromerzeugung in einem System - SunElements Blog\" srcset=\"https:\/\/sunelements.de\/wp-content\/uploads\/2026\/05\/Blog-PV-Zaun-Sichtschutz-und-Stromerzeugung-in-einem-System_SunElements.jpg 900w, https:\/\/sunelements.de\/wp-content\/uploads\/2026\/05\/Blog-PV-Zaun-Sichtschutz-und-Stromerzeugung-in-einem-System_SunElements-300x200.jpg 300w, https:\/\/sunelements.de\/wp-content\/uploads\/2026\/05\/Blog-PV-Zaun-Sichtschutz-und-Stromerzeugung-in-einem-System_SunElements-768x512.jpg 768w, https:\/\/sunelements.de\/wp-content\/uploads\/2026\/05\/Blog-PV-Zaun-Sichtschutz-und-Stromerzeugung-in-einem-System_SunElements-600x400.jpg 600w\" sizes=\"(max-width: 900px) 100vw, 900px\" \/>\t\t\t\t\t\t\t\t\t\t\t\t\t\t\t<\/div>\n\t\t\t\t<\/div>\n\t\t\t\t<div class=\"elementor-element elementor-element-bb8f641 elementor-widget elementor-widget-text-editor\" data-id=\"bb8f641\" data-element_type=\"widget\" data-e-type=\"widget\" data-widget_type=\"text-editor.default\">\n\t\t\t\t<div class=\"elementor-widget-container\">\n\t\t\t\t\t\t\t\t\t<p data-start=\"925\" data-end=\"1300\">Wer heute Au\u00dfenfl\u00e4chen plant, will keine \u201etote\u201c Infrastruktur mehr. Ein Zaun soll nicht nur abgrenzen \u2013 er soll <strong data-start=\"1037\" data-end=\"1057\">Mehrwert liefern<\/strong>: Privatsph\u00e4re, Design, Langlebigkeit. Genau hier setzt der modulare <strong data-start=\"1126\" data-end=\"1137\">PV-Zaun<\/strong> an: Er kombiniert <strong data-start=\"1156\" data-end=\"1171\">Sichtschutz<\/strong> und <strong data-start=\"1176\" data-end=\"1190\">Solarstrom<\/strong> in einem System \u2013 ohne zus\u00e4tzliche Dachfl\u00e4che und ohne Kompromisse beim Anspruch an ein hochwertiges Zuhause.<\/p><p data-start=\"1302\" data-end=\"1533\">SunElements positioniert den PV-Zaun als robuste, wartungsarme L\u00f6sung mit <strong data-start=\"1376\" data-end=\"1408\">bifazialen Glas\/Glas-Modulen<\/strong> und dem Vorteil, dass durch die Bifazialit\u00e4t <strong data-start=\"1454\" data-end=\"1481\">bis zu 20 % mehr Ertrag<\/strong> m\u00f6glich sind.<\/p>\t\t\t\t\t\t\t\t<\/div>\n\t\t\t\t<\/div>\n\t\t\t\t<div class=\"elementor-element elementor-element-ddea335 elementor-widget elementor-widget-heading\" data-id=\"ddea335\" data-element_type=\"widget\" data-e-type=\"widget\" data-widget_type=\"heading.default\">\n\t\t\t\t<div class=\"elementor-widget-container\">\n\t\t\t\t\t<h2 class=\"elementor-heading-title elementor-size-default\">1) Warum ein PV-Zaun jetzt strategisch Sinn macht<\/h2>\t\t\t\t<\/div>\n\t\t\t\t<\/div>\n\t\t\t\t<div class=\"elementor-element elementor-element-3ab468a elementor-widget elementor-widget-text-editor\" data-id=\"3ab468a\" data-element_type=\"widget\" data-e-type=\"widget\" data-widget_type=\"text-editor.default\">\n\t\t\t\t<div class=\"elementor-widget-container\">\n\t\t\t\t\t\t\t\t\t<p data-start=\"1593\" data-end=\"1683\">Klassische PV sitzt meist auf dem Dach. Das ist sinnvoll \u2013 aber nicht immer optimal. Denn:<\/p><ul data-start=\"1685\" data-end=\"1949\"><li data-start=\"1685\" data-end=\"1754\" data-section-id=\"nv6d0h\">Nicht jedes Dach ist ideal ausgerichtet oder frei von Verschattung.<\/li><li data-start=\"1755\" data-end=\"1849\" data-section-id=\"hkky52\">Viele Haushalte haben bereits eine PV-Anlage und suchen <strong data-start=\"1813\" data-end=\"1848\">zus\u00e4tzliche Erweiterungsfl\u00e4chen<\/strong>.<\/li><li data-start=\"1850\" data-end=\"1949\" data-section-id=\"1iho3oh\">Au\u00dfenbereiche werden hochwertiger \u2013 und damit steigt der Anspruch, dass jedes Bauteil \u201earbeitet\u201c.<\/li><\/ul><p data-start=\"1951\" data-end=\"2103\">Ein PV-Zaun nutzt eine Fl\u00e4che, die ohnehin gebraucht wird. Das ist <strong data-start=\"2018\" data-end=\"2057\">Doppelnutzung ohne Fl\u00e4chenverbrauch<\/strong> \u2013 und genau deshalb ist das Konzept so stark.<\/p>\t\t\t\t\t\t\t\t<\/div>\n\t\t\t\t<\/div>\n\t\t\t\t<div class=\"elementor-element elementor-element-a2ad056 elementor-widget elementor-widget-heading\" data-id=\"a2ad056\" data-element_type=\"widget\" data-e-type=\"widget\" data-widget_type=\"heading.default\">\n\t\t\t\t<div class=\"elementor-widget-container\">\n\t\t\t\t\t<h2 class=\"elementor-heading-title elementor-size-default\">2) Technik-Realit\u00e4t: Warum bifaziale Glas\/Glas-Module ein Qualit\u00e4tsmerkmal sind<\/h2>\t\t\t\t<\/div>\n\t\t\t\t<\/div>\n\t\t\t\t<div class=\"elementor-element elementor-element-09d5b46 elementor-widget elementor-widget-text-editor\" data-id=\"09d5b46\" data-element_type=\"widget\" data-e-type=\"widget\" data-widget_type=\"text-editor.default\">\n\t\t\t\t<div class=\"elementor-widget-container\">\n\t\t\t\t\t\t\t\t\t<p data-start=\"2193\" data-end=\"2361\">PV-Zaun ist kein Spielzeug. Ein Zaun ist Wind und Wetter unmittelbar ausgesetzt \u2013 viel direkter als eine Anlage auf dem Dach. Deshalb ist die Modultechnik entscheidend.<\/p><h3 data-start=\"2363\" data-end=\"2408\" data-section-id=\"y5152k\">Bifazial: Strom von Vorder- und R\u00fcckseite<\/h3><p data-start=\"2409\" data-end=\"2683\">Bifaziale Module k\u00f6nnen auch \u00fcber die R\u00fcckseite Ertrag generieren \u2013 zum Beispiel durch reflektiertes Licht von Bodenfl\u00e4chen. SunElements bewirbt den PV-Zaun genau mit dieser Bifazialit\u00e4t und nennt <strong data-start=\"2606\" data-end=\"2632\">bis zu 20 % Mehrertrag<\/strong> als Vorteil.<\/p><h3 data-start=\"2685\" data-end=\"2726\" data-section-id=\"1hciqqi\">Glas\/Glas: Robustheit &amp; Langlebigkeit<\/h3><p data-start=\"2727\" data-end=\"2909\">Glas\/Glas-Aufbau ist im Premiumsegment etabliert, weil er stabil ist und mechanische Belastungen besser wegsteckt als viele einfache Konstruktionen. Gerade beim Zaun z\u00e4hlt das, weil:<\/p><ul data-start=\"2910\" data-end=\"3088\"><li data-start=\"2910\" data-end=\"2955\" data-section-id=\"hzj8pu\">Windlasten und Schwingungen real auftreten,<\/li><li data-start=\"2956\" data-end=\"2999\" data-section-id=\"1ctum35\">Hagel den Zaun im Zweifel frontal trifft,<\/li><li data-start=\"3000\" data-end=\"3088\" data-section-id=\"hpopef\">die Anlage dauerhaft in der \u201eWetterkante\u201c steht.<\/li><\/ul>\t\t\t\t\t\t\t\t<\/div>\n\t\t\t\t<\/div>\n\t\t\t\t<div class=\"elementor-element elementor-element-ad26c23 elementor-widget elementor-widget-heading\" data-id=\"ad26c23\" data-element_type=\"widget\" data-e-type=\"widget\" data-widget_type=\"heading.default\">\n\t\t\t\t<div class=\"elementor-widget-container\">\n\t\t\t\t\t<h2 class=\"elementor-heading-title elementor-size-default\">3) Der wichtigste Punkt: Statik &amp; Windlast \u2013 nicht verhandelbar<\/h2>\t\t\t\t<\/div>\n\t\t\t\t<\/div>\n\t\t\t\t<div class=\"elementor-element elementor-element-7230b30 elementor-widget elementor-widget-text-editor\" data-id=\"7230b30\" data-element_type=\"widget\" data-e-type=\"widget\" data-widget_type=\"text-editor.default\">\n\t\t\t\t<div class=\"elementor-widget-container\">\n\t\t\t\t\t\t\t\t\t<p data-start=\"3162\" data-end=\"3544\">Ein PV-Zaun ist ein freistehendes Element. Das bedeutet: <strong data-start=\"3219\" data-end=\"3249\">Wind ist der gr\u00f6\u00dfte Gegner<\/strong>. Windlast wirkt am Zaun wie an einer Segelfl\u00e4che und erzeugt Biegemomente und Torsionskr\u00e4fte. <br data-start=\"3381\" data-end=\"3384\" \/>Wenn ein System modular geplant wird, muss das in der Konstruktion sauber gel\u00f6st sein: Steher, Verankerung im Boden, Befestigungssystem und Aluminiumrahmen \u2013 alles muss zusammenpassen.<\/p><p data-start=\"3546\" data-end=\"3737\"><strong data-start=\"3546\" data-end=\"3567\">Klare Empfehlung:<\/strong> Wer langlebig und wartungsarm will, entscheidet nicht nach \u201eWatt pro Modul\u201c, sondern nach <strong data-start=\"3658\" data-end=\"3674\">Gesamtsystem<\/strong>: Tragstruktur + Befestigung + Modultechnik + Anschlusskonzept.<\/p>\t\t\t\t\t\t\t\t<\/div>\n\t\t\t\t<\/div>\n\t\t\t\t<div class=\"elementor-element elementor-element-8d304c4 elementor-widget elementor-widget-heading\" data-id=\"8d304c4\" data-element_type=\"widget\" data-e-type=\"widget\" data-widget_type=\"heading.default\">\n\t\t\t\t<div class=\"elementor-widget-container\">\n\t\t\t\t\t<h2 class=\"elementor-heading-title elementor-size-default\">4) Mehrwert im Alltag: Sichtschutz, Design, Energie \u2013 gleichzeitig<\/h2>\t\t\t\t<\/div>\n\t\t\t\t<\/div>\n\t\t\t\t<div class=\"elementor-element elementor-element-f98f66c elementor-widget elementor-widget-text-editor\" data-id=\"f98f66c\" data-element_type=\"widget\" data-e-type=\"widget\" data-widget_type=\"text-editor.default\">\n\t\t\t\t<div class=\"elementor-widget-container\">\n\t\t\t\t\t\t\t\t\t<p data-start=\"3814\" data-end=\"3872\">Der PV-Zaun liefert drei Ergebnisse, die im Alltag z\u00e4hlen:<\/p><h3 data-start=\"3874\" data-end=\"3912\" data-section-id=\"1392s7f\">Sichtschutz mit klarer Architektur<\/h3><p data-start=\"3913\" data-end=\"4030\">Ein Zaun ist ein Gestaltungselement. Mit PV wird er zum <strong data-start=\"3969\" data-end=\"4002\">Design-Statement mit Funktion<\/strong>: sauber, modern, technisch.<\/p><h3 data-start=\"4032\" data-end=\"4074\" data-section-id=\"vjusoz\">Energieproduktion ohne neue Dachfl\u00e4che<\/h3><p data-start=\"4075\" data-end=\"4203\">Das ist der Business-Case: Du bekommst zus\u00e4tzliche PV-Fl\u00e4che, ohne am Hausdach nachzur\u00fcsten oder optische Kompromisse zu machen.<\/p><h3 data-start=\"4205\" data-end=\"4243\" data-section-id=\"80jaei\">Wartungsarm statt wartungsintensiv<\/h3><p data-start=\"4244\" data-end=\"4449\">SunElements beschreibt den PV-Zaun als <strong data-start=\"4283\" data-end=\"4309\">robust und wartungsarm<\/strong>.<\/p><p data-start=\"4244\" data-end=\"4449\">In der Praxis hei\u00dft das: weniger anf\u00e4llige Oberfl\u00e4chen, stabilere Bauweise, weniger Nachjustieren.<\/p>\t\t\t\t\t\t\t\t<\/div>\n\t\t\t\t<\/div>\n\t\t\t\t<div class=\"elementor-element elementor-element-1c8663d elementor-widget elementor-widget-heading\" data-id=\"1c8663d\" data-element_type=\"widget\" data-e-type=\"widget\" data-widget_type=\"heading.default\">\n\t\t\t\t<div class=\"elementor-widget-container\">\n\t\t\t\t\t<h2 class=\"elementor-heading-title elementor-size-default\">5) F\u00fcr wen ist der modulare PV-Zaun die richtige L\u00f6sung?<\/h2>\t\t\t\t<\/div>\n\t\t\t\t<\/div>\n\t\t\t\t<div class=\"elementor-element elementor-element-ac8f9ea elementor-widget elementor-widget-text-editor\" data-id=\"ac8f9ea\" data-element_type=\"widget\" data-e-type=\"widget\" data-widget_type=\"text-editor.default\">\n\t\t\t\t<div class=\"elementor-widget-container\">\n\t\t\t\t\t\t\t\t\t<p data-start=\"4516\" data-end=\"4554\">Der PV-Zaun passt besonders gut, wenn:<\/p><ul data-start=\"4556\" data-end=\"4824\"><li data-start=\"4556\" data-end=\"4637\" data-section-id=\"1jej3wq\">du <strong data-start=\"4561\" data-end=\"4593\">Sichtschutz sowieso brauchst<\/strong> und daraus ein Energiesystem machen willst,<\/li><li data-start=\"4638\" data-end=\"4684\" data-section-id=\"30c9l0\">du bereits PV hast und <strong data-start=\"4663\" data-end=\"4676\">erweitern<\/strong> willst,<\/li><li data-start=\"4685\" data-end=\"4744\" data-section-id=\"1605718\">dein Dach nicht ideal ist (Verschattung\/Geometrie\/Optik),<\/li><li data-start=\"4745\" data-end=\"4824\" data-section-id=\"otzgz0\">du Premium-Au\u00dfenarchitektur planst und <strong data-start=\"4786\" data-end=\"4810\">jedes Element Nutzen<\/strong> liefern soll.<\/li><\/ul>\t\t\t\t\t\t\t\t<\/div>\n\t\t\t\t<\/div>\n\t\t\t\t<div class=\"elementor-element elementor-element-b9e418e elementor-widget elementor-widget-heading\" data-id=\"b9e418e\" data-element_type=\"widget\" data-e-type=\"widget\" data-widget_type=\"heading.default\">\n\t\t\t\t<div class=\"elementor-widget-container\">\n\t\t\t\t\t<h2 class=\"elementor-heading-title elementor-size-default\">H\u00e4ufige Fragen zum PV-Zaun<\/h2>\t\t\t\t<\/div>\n\t\t\t\t<\/div>\n\t\t\t\t<div class=\"elementor-element elementor-element-6f2ee4e elementor-widget elementor-widget-accordion\" data-id=\"6f2ee4e\" data-element_type=\"widget\" data-e-type=\"widget\" data-widget_type=\"accordion.default\">\n\t\t\t\t<div class=\"elementor-widget-container\">\n\t\t\t\t\t\t\t<div class=\"elementor-accordion\">\n\t\t\t\t\t\t\t<div class=\"elementor-accordion-item\">\n\t\t\t\t\t<div id=\"elementor-tab-title-1161\" class=\"elementor-tab-title\" data-tab=\"1\" role=\"button\" aria-controls=\"elementor-tab-content-1161\" aria-expanded=\"false\">\n\t\t\t\t\t\t\t\t\t\t\t\t\t<span class=\"elementor-accordion-icon elementor-accordion-icon-left\" aria-hidden=\"true\">\n\t\t\t\t\t\t\t\t\t\t\t\t\t\t\t<span class=\"elementor-accordion-icon-closed\"><i class=\"fas fa-plus\"><\/i><\/span>\n\t\t\t\t\t\t\t\t<span class=\"elementor-accordion-icon-opened\"><i class=\"fas fa-minus\"><\/i><\/span>\n\t\t\t\t\t\t\t\t\t\t\t\t\t\t<\/span>\n\t\t\t\t\t\t\t\t\t\t\t\t<a class=\"elementor-accordion-title\" tabindex=\"0\">Kann ich den modularen PV-Zaun sp\u00e4ter erweitern?<\/a>\n\t\t\t\t\t<\/div>\n\t\t\t\t\t<div id=\"elementor-tab-content-1161\" class=\"elementor-tab-content elementor-clearfix\" data-tab=\"1\" role=\"region\" aria-labelledby=\"elementor-tab-title-1161\"><p>Ja, Modularit\u00e4t ist ein Kernvorteil. Voraussetzung ist, dass Statik\/Fundamente sowie das elektrische Konzept (z. B. Strings\/Wechselrichter) erweiterbar geplant sind.<\/p><\/div>\n\t\t\t\t<\/div>\n\t\t\t\t\t\t\t<div class=\"elementor-accordion-item\">\n\t\t\t\t\t<div id=\"elementor-tab-title-1162\" class=\"elementor-tab-title\" data-tab=\"2\" role=\"button\" aria-controls=\"elementor-tab-content-1162\" aria-expanded=\"false\">\n\t\t\t\t\t\t\t\t\t\t\t\t\t<span class=\"elementor-accordion-icon elementor-accordion-icon-left\" aria-hidden=\"true\">\n\t\t\t\t\t\t\t\t\t\t\t\t\t\t\t<span class=\"elementor-accordion-icon-closed\"><i class=\"fas fa-plus\"><\/i><\/span>\n\t\t\t\t\t\t\t\t<span class=\"elementor-accordion-icon-opened\"><i class=\"fas fa-minus\"><\/i><\/span>\n\t\t\t\t\t\t\t\t\t\t\t\t\t\t<\/span>\n\t\t\t\t\t\t\t\t\t\t\t\t<a class=\"elementor-accordion-title\" tabindex=\"0\">Wie wartungsintensiv ist ein PV-Zaun?<\/a>\n\t\t\t\t\t<\/div>\n\t\t\t\t\t<div id=\"elementor-tab-content-1162\" class=\"elementor-tab-content elementor-clearfix\" data-tab=\"2\" role=\"region\" aria-labelledby=\"elementor-tab-title-1162\"><p>Bei hochwertiger Konstruktion ist der Aufwand gering: Sichtpr\u00fcfung und bei Bedarf Reinigung. Wartungsarmut h\u00e4ngt vor allem von Material, Befestigung, Kabelwegen und Korrosionsschutz ab.<\/p><\/div>\n\t\t\t\t<\/div>\n\t\t\t\t\t\t\t<div class=\"elementor-accordion-item\">\n\t\t\t\t\t<div id=\"elementor-tab-title-1163\" class=\"elementor-tab-title\" data-tab=\"3\" role=\"button\" aria-controls=\"elementor-tab-content-1163\" aria-expanded=\"false\">\n\t\t\t\t\t\t\t\t\t\t\t\t\t<span class=\"elementor-accordion-icon elementor-accordion-icon-left\" aria-hidden=\"true\">\n\t\t\t\t\t\t\t\t\t\t\t\t\t\t\t<span class=\"elementor-accordion-icon-closed\"><i class=\"fas fa-plus\"><\/i><\/span>\n\t\t\t\t\t\t\t\t<span class=\"elementor-accordion-icon-opened\"><i class=\"fas fa-minus\"><\/i><\/span>\n\t\t\t\t\t\t\t\t\t\t\t\t\t\t<\/span>\n\t\t\t\t\t\t\t\t\t\t\t\t<a class=\"elementor-accordion-title\" tabindex=\"0\">Wie viel Strom liefert ein PV-Zaun?<\/a>\n\t\t\t\t\t<\/div>\n\t\t\t\t\t<div id=\"elementor-tab-content-1163\" class=\"elementor-tab-content elementor-clearfix\" data-tab=\"3\" role=\"region\" aria-labelledby=\"elementor-tab-title-1163\"><p><span class=\"\u037ck\">Der Ertrag h\u00e4ngt von Zaunl\u00e4nge, Modul-Leistung, Ausrichtung, Verschattung und Standort ab. Als Orientierung gilt: mehr Meter und weniger Schatten ergeben mehr Jahresertrag. F\u00fcr eine belastbare Aussage sollte das Projekt mit Lageplan, Zaunl\u00e4nge und Schattenanalyse gerechnet werden.<\/span><\/p><\/div>\n\t\t\t\t<\/div>\n\t\t\t\t\t\t\t<div class=\"elementor-accordion-item\">\n\t\t\t\t\t<div id=\"elementor-tab-title-1164\" class=\"elementor-tab-title\" data-tab=\"4\" role=\"button\" aria-controls=\"elementor-tab-content-1164\" aria-expanded=\"false\">\n\t\t\t\t\t\t\t\t\t\t\t\t\t<span class=\"elementor-accordion-icon elementor-accordion-icon-left\" aria-hidden=\"true\">\n\t\t\t\t\t\t\t\t\t\t\t\t\t\t\t<span class=\"elementor-accordion-icon-closed\"><i class=\"fas fa-plus\"><\/i><\/span>\n\t\t\t\t\t\t\t\t<span class=\"elementor-accordion-icon-opened\"><i class=\"fas fa-minus\"><\/i><\/span>\n\t\t\t\t\t\t\t\t\t\t\t\t\t\t<\/span>\n\t\t\t\t\t\t\t\t\t\t\t\t<a class=\"elementor-accordion-title\" tabindex=\"0\">Was ist mit Windlast?<\/a>\n\t\t\t\t\t<\/div>\n\t\t\t\t\t<div id=\"elementor-tab-content-1164\" class=\"elementor-tab-content elementor-clearfix\" data-tab=\"4\" role=\"region\" aria-labelledby=\"elementor-tab-title-1164\"><p>Windlast ist beim PV-Zaun wichtig, weil der Wind auf die Modulfl\u00e4che dr\u00fcckt. Die Kr\u00e4fte werden \u00fcber den Aluminiumrahmen in die Steher und weiter in den Boden abgeleitet.\u00a0Die Steher sind so ausgelegt, dass sie die Belastung sicher aufnehmen und der Zaun stabil bleibt, wodurch Verzug oder Lockerungen vermieden werden. Je nach Situation k\u00f6nnen sie einbetoniert oder ged\u00fcbelt werden; zus\u00e4tzlich ist auch ein mittiger Steher zur Verst\u00e4rkung m\u00f6glich.<\/p><\/div>\n\t\t\t\t<\/div>\n\t\t\t\t\t\t\t<div class=\"elementor-accordion-item\">\n\t\t\t\t\t<div id=\"elementor-tab-title-1165\" class=\"elementor-tab-title\" data-tab=\"5\" role=\"button\" aria-controls=\"elementor-tab-content-1165\" aria-expanded=\"false\">\n\t\t\t\t\t\t\t\t\t\t\t\t\t<span class=\"elementor-accordion-icon elementor-accordion-icon-left\" aria-hidden=\"true\">\n\t\t\t\t\t\t\t\t\t\t\t\t\t\t\t<span class=\"elementor-accordion-icon-closed\"><i class=\"fas fa-plus\"><\/i><\/span>\n\t\t\t\t\t\t\t\t<span class=\"elementor-accordion-icon-opened\"><i class=\"fas fa-minus\"><\/i><\/span>\n\t\t\t\t\t\t\t\t\t\t\t\t\t\t<\/span>\n\t\t\t\t\t\t\t\t\t\t\t\t<a class=\"elementor-accordion-title\" tabindex=\"0\">Kann ich den PV-Zaun an bestehende PV anschlie\u00dfen?<\/a>\n\t\t\t\t\t<\/div>\n\t\t\t\t\t<div id=\"elementor-tab-content-1165\" class=\"elementor-tab-content elementor-clearfix\" data-tab=\"5\" role=\"region\" aria-labelledby=\"elementor-tab-title-1165\"><p>Oft ja, abh\u00e4ngig vom Wechselrichter (freie Eing\u00e4nge\/Reserve), der String-Auslegung (Spannung\/Strom), dem Modultyp und dem Gesamtkonzept (z. B. Speicher\/Eigenverbrauch). Ein sauberes Anschlusskonzept sollte vorab geplant werden.<\/p><\/div>\n\t\t\t\t<\/div>\n\t\t\t\t\t\t\t\t<\/div>\n\t\t\t\t\t\t<\/div>\n\t\t\t\t<\/div>\n\t\t\t\t<div class=\"elementor-element elementor-element-2d7bfa4 elementor-widget elementor-widget-spacer\" data-id=\"2d7bfa4\" data-element_type=\"widget\" data-e-type=\"widget\" data-widget_type=\"spacer.default\">\n\t\t\t\t<div class=\"elementor-widget-container\">\n\t\t\t\t\t\t\t<div class=\"elementor-spacer\">\n\t\t\t<div class=\"elementor-spacer-inner\"><\/div>\n\t\t<\/div>\n\t\t\t\t\t\t<\/div>\n\t\t\t\t<\/div>\n\t\t\t\t<div class=\"elementor-element elementor-element-e0c6583 elementor-widget elementor-widget-heading\" data-id=\"e0c6583\" data-element_type=\"widget\" data-e-type=\"widget\" data-widget_type=\"heading.default\">\n\t\t\t\t<div class=\"elementor-widget-container\">\n\t\t\t\t\t<h2 class=\"elementor-heading-title elementor-size-default\">Fazit: Der PV-Zaun ist die logische Weiterentwicklung moderner Au\u00dfenbereiche<\/h2>\t\t\t\t<\/div>\n\t\t\t\t<\/div>\n\t\t\t\t<div class=\"elementor-element elementor-element-154e169 elementor-widget elementor-widget-text-editor\" data-id=\"154e169\" data-element_type=\"widget\" data-e-type=\"widget\" data-widget_type=\"text-editor.default\">\n\t\t\t\t<div class=\"elementor-widget-container\">\n\t\t\t\t\t\t\t\t\t<p>Ein modularer PV-Zaun ist keine Spielerei, sondern die konsequente Antwort auf moderne Anforderungen: <strong data-start=\"5013\" data-end=\"5058\">Privatsph\u00e4re + Gestaltung + Energiegewinn<\/strong> in einem System. SunElements trifft hier den Zeitgeist: bifaziale Glas\/Glas-Module, robustes Konzept, wartungsarm \u2013 und ein klarer Fokus auf doppelte Fl\u00e4chennutzung.<\/p>\t\t\t\t\t\t\t\t<\/div>\n\t\t\t\t<\/div>\n\t\t\t\t<div class=\"elementor-element elementor-element-4c81de7 elementor-widget elementor-widget-button\" data-id=\"4c81de7\" data-element_type=\"widget\" data-e-type=\"widget\" data-widget_type=\"button.default\">\n\t\t\t\t<div class=\"elementor-widget-container\">\n\t\t\t\t\t\t\t\t\t<div class=\"elementor-button-wrapper\">\n\t\t\t\t\t<a class=\"elementor-button elementor-button-link elementor-size-sm\" href=\"https:\/\/sunelements.de\/shop\/pv-zaun\/\">\n\t\t\t\t\t\t<span class=\"elementor-button-content-wrapper\">\n\t\t\t\t\t\t\t\t\t<span class=\"elementor-button-text\">PV-Zaun kaufen<\/span>\n\t\t\t\t\t<\/span>\n\t\t\t\t\t<\/a>\n\t\t\t\t<\/div>\n\t\t\t\t\t\t\t\t<\/div>\n\t\t\t\t<\/div>\n\t\t\t\t\t<\/div>\n\t\t<\/div>\n\t\t\t\t\t<\/div>\n\t\t<\/section>\n\t\t\t\t<\/div>\n\t\t","protected":false},"excerpt":{"rendered":"<p>Wer heute Au\u00dfenfl\u00e4chen plant, will keine \u201etote\u201c Infrastruktur mehr. Ein Zaun soll nicht nur abgrenzen \u2013 er soll Mehrwert liefern: Privatsph\u00e4re, Design, Langlebigkeit. Genau hier setzt der modulare PV-Zaun an: Er kombiniert Sichtschutz und Solarstrom in einem System \u2013 ohne zus\u00e4tzliche Dachfl\u00e4che und ohne Kompromisse beim Anspruch an ein hochwertiges Zuhause. SunElements positioniert den PV-Zaun [&hellip;]<\/p>\n","protected":false},"author":10,"featured_media":20006,"comment_status":"closed","ping_status":"closed","sticky":false,"template":"","format":"standard","meta":{"site-sidebar-layout":"default","site-content-layout":"","ast-site-content-layout":"default","site-content-style":"default","site-sidebar-style":"default","ast-global-header-display":"","ast-banner-title-visibility":"","ast-main-header-display":"","ast-hfb-above-header-display":"","ast-hfb-below-header-display":"","ast-hfb-mobile-header-display":"","site-post-title":"","ast-breadcrumbs-content":"","ast-featured-img":"","footer-sml-layout":"","ast-disable-related-posts":"","theme-transparent-header-meta":"default","adv-header-id-meta":"","stick-header-meta":"default","header-above-stick-meta":"","header-main-stick-meta":"","header-below-stick-meta":"","astra-migrate-meta-layouts":"set","ast-page-background-enabled":"default","ast-page-background-meta":{"desktop":{"background-color":"var(--ast-global-color-4)","background-image":"","background-repeat":"repeat","background-position":"center center","background-size":"auto","background-attachment":"scroll","background-type":"","background-media":"","overlay-type":"","overlay-color":"","overlay-opacity":"","overlay-gradient":""},"tablet":{"background-color":"","background-image":"","background-repeat":"repeat","background-position":"center center","background-size":"auto","background-attachment":"scroll","background-type":"","background-media":"","overlay-type":"","overlay-color":"","overlay-opacity":"","overlay-gradient":""},"mobile":{"background-color":"","background-image":"","background-repeat":"repeat","background-position":"center center","background-size":"auto","background-attachment":"scroll","background-type":"","background-media":"","overlay-type":"","overlay-color":"","overlay-opacity":"","overlay-gradient":""}},"ast-content-background-meta":{"desktop":{"background-color":"var(--ast-global-color-5)","background-image":"","background-repeat":"repeat","background-position":"center center","background-size":"auto","background-attachment":"scroll","background-type":"","background-media":"","overlay-type":"","overlay-color":"","overlay-opacity":"","overlay-gradient":""},"tablet":{"background-color":"var(--ast-global-color-5)","background-image":"","background-repeat":"repeat","background-position":"center center","background-size":"auto","background-attachment":"scroll","background-type":"","background-media":"","overlay-type":"","overlay-color":"","overlay-opacity":"","overlay-gradient":""},"mobile":{"background-color":"var(--ast-global-color-5)","background-image":"","background-repeat":"repeat","background-position":"center center","background-size":"auto","background-attachment":"scroll","background-type":"","background-media":"","overlay-type":"","overlay-color":"","overlay-opacity":"","overlay-gradient":""}},"_themeisle_gutenberg_block_has_review":false,"footnotes":""},"categories":[1],"tags":[],"class_list":["post-19973","post","type-post","status-publish","format-standard","has-post-thumbnail","hentry","category-unkategorisiert"],"_links":{"self":[{"href":"https:\/\/sunelements.de\/en\/wp-json\/wp\/v2\/posts\/19973","targetHints":{"allow":["GET"]}}],"collection":[{"href":"https:\/\/sunelements.de\/en\/wp-json\/wp\/v2\/posts"}],"about":[{"href":"https:\/\/sunelements.de\/en\/wp-json\/wp\/v2\/types\/post"}],"author":[{"embeddable":true,"href":"https:\/\/sunelements.de\/en\/wp-json\/wp\/v2\/users\/10"}],"replies":[{"embeddable":true,"href":"https:\/\/sunelements.de\/en\/wp-json\/wp\/v2\/comments?post=19973"}],"version-history":[{"count":0,"href":"https:\/\/sunelements.de\/en\/wp-json\/wp\/v2\/posts\/19973\/revisions"}],"wp:featuredmedia":[{"embeddable":true,"href":"https:\/\/sunelements.de\/en\/wp-json\/wp\/v2\/media\/20006"}],"wp:attachment":[{"href":"https:\/\/sunelements.de\/en\/wp-json\/wp\/v2\/media?parent=19973"}],"wp:term":[{"taxonomy":"category","embeddable":true,"href":"https:\/\/sunelements.de\/en\/wp-json\/wp\/v2\/categories?post=19973"},{"taxonomy":"post_tag","embeddable":true,"href":"https:\/\/sunelements.de\/en\/wp-json\/wp\/v2\/tags?post=19973"}],"curies":[{"name":"wp","href":"https:\/\/api.w.org\/{rel}","templated":true}]}}